{"id":4595,"date":"2021-09-16T09:27:27","date_gmt":"2021-09-16T06:27:27","guid":{"rendered":"https:\/\/turuncmalmen.com\/?p=4595"},"modified":"2021-09-16T10:36:21","modified_gmt":"2021-09-16T07:36:21","slug":"covid-19-ile-ilgili-tedbirler","status":"publish","type":"post","link":"https:\/\/turuncmalmen.com\/tr\/covid-19-ile-ilgili-tedbirler\/","title":{"rendered":"Covid-19 ile ilgili tedbirler"},"content":{"rendered":"<div class=\"vc_row wpb_row vc_row-fluid\"><div class=\"wpb_column vc_column_container vc_col-sm-12\"><div class=\"vc_column-inner\"><div class=\"wpb_wrapper\"><div class=\"vc_empty_space\"   style=\"height: 55px\"><span class=\"vc_empty_space_inner\"><\/span><\/div>\n\t<div class=\"wpb_text_column wpb_content_element\" >\n\t\t<div class=\"wpb_wrapper\">\n\t\t\t<h3 style=\"text-align: center;\"><strong>Otel genelinde t\u00fcm personel i\u00e7in,<\/strong><\/h3>\n<p style=\"text-align: center;\">\u2022 T\u00fcm personelimiz hijyen e\u011fitimi alm\u0131\u015ft\u0131r.<br \/>\n\u2022 T\u00fcm personelimiz Marmaris Y\u00fccelen Hastanesi\u2019nden corona virus e\u011fitimi alm\u0131\u015ft\u0131r.<br \/>\n\u2022 T\u00fcm otel personeli ki\u015fisel hijyeninden sorumlu olacak, maske ve eldiven ile \u00e7al\u0131\u015facakt\u0131r.<br \/>\n\u2022 Her sabah personelin ate\u015f \u00f6l\u00e7er ile ate\u015fini kontrol edilmektedir.<br \/>\n\u2022 Personel lojmanda konaklay\u0131p d\u0131\u015far\u0131s\u0131 ile temas\u0131 s\u0131n\u0131rl\u0131d\u0131r.<\/p>\n<h3 style=\"text-align: center;\"><strong>Ortak alan kullan\u0131mlar\u0131 i\u00e7in,<\/strong><\/h3>\n<p style=\"text-align: center;\">\u2022 Resepsiyon, restoran, WC, sahil gibi t\u00fcm alanlarda dezenfektan bulunmaktad\u0131r ve dezenfektanlar hastanelerin kulland\u0131\u011f\u0131 standartlardad\u0131r.<br \/>\n\u2022 Ortak kullan\u0131m alanlar\u0131ndaki sabunluk ve havluluklar sens\u00f6rl\u00fc olarak de\u011fi\u015ftirilmi\u015ftir.<br \/>\n\u2022 \u015eezlong aral\u0131klar\u0131 en az 2 metre olacakt\u0131r.<\/p>\n<h3 style=\"text-align: center;\"><strong>Food and Beverage i\u00e7in,<\/strong><\/h3>\n<p style=\"text-align: center;\">\u2022 T\u00fcm men\u00fclerimiz QR kod ile okutulabilecek \u015fekilde de\u011fi\u015ftirilmi\u015ftir.<br \/>\n\u2022 Misafir masaya servis edilen serpme kahvalt\u0131 ve ya oda kahvalt\u0131 servisi alabilecekleri servisi biti\u015f saati 11:00 olacakt\u0131r.<br \/>\n\u2022 Restoran servisinde masalar aras\u0131 en az 2 metre mesafe olacak \u015fekilde yemek servisi verilecektir.<br \/>\n\u2022 Restoranda ak\u015fam yeme\u011fi almak isteyen misafirler i\u00e7in ak\u015fam yeme\u011fi son sipari\u015f saati 24:00\u2019a kadar olacakt\u0131r.<br \/>\n\u2022 Oda servisi s\u0131ras\u0131nda hi\u00e7bir personel odaya girmeyecek oda kap\u0131s\u0131ndan yemek servisini verecektir.<\/p>\n<h3 style=\"text-align: center;\"><strong>Housekeeping i\u00e7in<\/strong>,<\/h3>\n<p style=\"text-align: center;\">\u2022 Oda temizli\u011fi misafirin talebi do\u011frultusunda yap\u0131lacak \u015fayet talep olmaz ise odaya kimse girmeyecektir.<br \/>\n\u2022 T\u00fcm oda detaylar\u0131 (kap\u0131 kolu, elektrik butonlar\u0131, kasa tu\u015flar\u0131, klima, kumanda vb.) dezenfektan ile temizlenecek.<br \/>\n\u2022 Check out sonras\u0131 oda p\u00fcsk\u00fcrtmeli dezenfektanlarla dip k\u00f6\u015fe sterilize edilip daha sonra en ince detaylar\u0131na kadar temizlenerek m\u00fcmk\u00fcn oldu\u011funca kuzun bir s\u00fcre kullan\u0131ma a\u00e7\u0131lmayacakt\u0131r.<br \/>\n\u2022 Temiz odalar\u0131m\u0131zda balkon kap\u0131s\u0131 mutlaka a\u00e7\u0131k olacak (sineklik mevcut) oda havaland\u0131r\u0131lm\u0131\u015f olacakt\u0131r.<br \/>\n\u2022 Klima kullanmak istemeyen misafirlerimiz i\u00e7in t\u00fcm odalarda vantilat\u00f6r mevcuttur.<br \/>\n\u2022 Misafir odadayken hi\u00e7bir personel hi\u00e7bir \u015fekilde odaya giremeyecektir.<\/p>\n<h3 style=\"text-align: center;\"><strong>Teknik servis i\u00e7in,<\/strong><\/h3>\n<p style=\"text-align: center;\">\u2022 M\u00fcmk\u00fcn oldu\u011funca misafir odada iken ufak tefek tadilatlar i\u00e7in odaya girilmeyecek misafirin d\u0131\u015far\u0131 da oldu\u011fu zamanlarda tadilat i\u015fleri halledilecektir.<\/p>\n\n\t\t<\/div>\n\t<\/div>\n<\/div><\/div><\/div><\/div>","protected":false},"excerpt":{"rendered":"Otel genelinde t\u00fcm personel i\u00e7in, \u2022 T\u00fcm personelimiz hijyen e\u011fitimi alm\u0131\u015ft\u0131r. \u2022 T\u00fcm personelimiz Marmaris Y\u00fccelen Hastanesi\u2019nden corona virus e\u011fitimi alm\u0131\u015ft\u0131r. \u2022 T\u00fcm otel personeli ki\u015fisel hijyeninden sorumlu olacak, maske ve eldiven ile \u00e7al\u0131\u015facakt\u0131r. \u2022 Her sabah personelin ate\u015f \u00f6l\u00e7er &hellip; <a href=\"https:\/\/turuncmalmen.com\/tr\/covid-19-ile-ilgili-tedbirler\/\">Readmore<\/a>","protected":false},"author":1,"featured_media":4664,"comment_status":"open","ping_status":"open","sticky":false,"template":"","format":"standard","meta":{"footnotes":""},"categories":[1],"tags":[],"class_list":["post-4595","post","type-post","status-publish","format-standard","has-post-thumbnail","hentry","category-turunc-malmen"],"yoast_head":"<!-- This site is optimized with the Yoast SEO plugin v27.5 - https:\/\/yoast.com\/product\/yoast-seo-wordpress\/ -->\n<title>Covid-19 ile ilgili tedbirler - Turun\u00e7 Malmen Hotel<\/title>\n<meta name=\"robots\" content=\"index, follow, max-snippet:-1, max-image-preview:large, max-video-preview:-1\" \/>\n<link rel=\"canonical\" href=\"https:\/\/turuncmalmen.com\/tr\/covid-19-ile-ilgili-tedbirler\/\" \/>\n<meta property=\"og:locale\" content=\"tr_TR\" \/>\n<meta property=\"og:type\" content=\"article\" \/>\n<meta property=\"og:title\" content=\"Covid-19 ile ilgili tedbirler - Turun\u00e7 Malmen Hotel\" \/>\n<meta property=\"og:url\" content=\"https:\/\/turuncmalmen.com\/tr\/covid-19-ile-ilgili-tedbirler\/\" \/>\n<meta property=\"og:site_name\" content=\"Turun\u00e7 Malmen Hotel\" \/>\n<meta property=\"article:published_time\" content=\"2021-09-16T06:27:27+00:00\" \/>\n<meta property=\"article:modified_time\" content=\"2021-09-16T07:36:21+00:00\" \/>\n<meta property=\"og:image\" content=\"https:\/\/turuncmalmen.com\/wp-content\/uploads\/cotona.jpg\" \/>\n\t<meta property=\"og:image:width\" content=\"800\" \/>\n\t<meta property=\"og:image:height\" content=\"600\" \/>\n\t<meta property=\"og:image:type\" content=\"image\/jpeg\" \/>\n<meta name=\"author\" content=\"admin\" \/>\n<meta name=\"twitter:card\" content=\"summary_large_image\" \/>\n<meta name=\"twitter:label1\" content=\"Yazan:\" \/>\n\t<meta name=\"twitter:data1\" content=\"admin\" \/>\n\t<meta name=\"twitter:label2\" content=\"Tahmini okuma s\u00fcresi\" \/>\n\t<meta name=\"twitter:data2\" content=\"2 dakika\" \/>\n<script type=\"application\/ld+json\" class=\"yoast-schema-graph\">{\"@context\":\"https:\\\/\\\/schema.org\",\"@graph\":[{\"@type\":\"Article\",\"@id\":\"https:\\\/\\\/turuncmalmen.com\\\/covid-19-ile-ilgili-tedbirler\\\/#article\",\"isPartOf\":{\"@id\":\"https:\\\/\\\/turuncmalmen.com\\\/covid-19-ile-ilgili-tedbirler\\\/\"},\"author\":{\"name\":\"admin\",\"@id\":\"https:\\\/\\\/turuncmalmen.com\\\/#\\\/schema\\\/person\\\/d3d44e3cc07bb73da627e49c2ad76cdd\"},\"headline\":\"Covid-19 ile ilgili tedbirler\",\"datePublished\":\"2021-09-16T06:27:27+00:00\",\"dateModified\":\"2021-09-16T07:36:21+00:00\",\"mainEntityOfPage\":{\"@id\":\"https:\\\/\\\/turuncmalmen.com\\\/covid-19-ile-ilgili-tedbirler\\\/\"},\"wordCount\":369,\"commentCount\":0,\"publisher\":{\"@id\":\"https:\\\/\\\/turuncmalmen.com\\\/#organization\"},\"image\":{\"@id\":\"https:\\\/\\\/turuncmalmen.com\\\/covid-19-ile-ilgili-tedbirler\\\/#primaryimage\"},\"thumbnailUrl\":\"https:\\\/\\\/turuncmalmen.com\\\/wp-content\\\/uploads\\\/cotona.jpg\",\"articleSection\":[\"Turun\u00e7 Malmen\"],\"inLanguage\":\"tr\",\"potentialAction\":[{\"@type\":\"CommentAction\",\"name\":\"Comment\",\"target\":[\"https:\\\/\\\/turuncmalmen.com\\\/covid-19-ile-ilgili-tedbirler\\\/#respond\"]}]},{\"@type\":\"WebPage\",\"@id\":\"https:\\\/\\\/turuncmalmen.com\\\/covid-19-ile-ilgili-tedbirler\\\/\",\"url\":\"https:\\\/\\\/turuncmalmen.com\\\/covid-19-ile-ilgili-tedbirler\\\/\",\"name\":\"Covid-19 ile ilgili tedbirler - Turun\u00e7 Malmen Hotel\",\"isPartOf\":{\"@id\":\"https:\\\/\\\/turuncmalmen.com\\\/#website\"},\"primaryImageOfPage\":{\"@id\":\"https:\\\/\\\/turuncmalmen.com\\\/covid-19-ile-ilgili-tedbirler\\\/#primaryimage\"},\"image\":{\"@id\":\"https:\\\/\\\/turuncmalmen.com\\\/covid-19-ile-ilgili-tedbirler\\\/#primaryimage\"},\"thumbnailUrl\":\"https:\\\/\\\/turuncmalmen.com\\\/wp-content\\\/uploads\\\/cotona.jpg\",\"datePublished\":\"2021-09-16T06:27:27+00:00\",\"dateModified\":\"2021-09-16T07:36:21+00:00\",\"inLanguage\":\"tr\",\"potentialAction\":[{\"@type\":\"ReadAction\",\"target\":[\"https:\\\/\\\/turuncmalmen.com\\\/covid-19-ile-ilgili-tedbirler\\\/\"]}]},{\"@type\":\"ImageObject\",\"inLanguage\":\"tr\",\"@id\":\"https:\\\/\\\/turuncmalmen.com\\\/covid-19-ile-ilgili-tedbirler\\\/#primaryimage\",\"url\":\"https:\\\/\\\/turuncmalmen.com\\\/wp-content\\\/uploads\\\/cotona.jpg\",\"contentUrl\":\"https:\\\/\\\/turuncmalmen.com\\\/wp-content\\\/uploads\\\/cotona.jpg\",\"width\":800,\"height\":600},{\"@type\":\"WebSite\",\"@id\":\"https:\\\/\\\/turuncmalmen.com\\\/#website\",\"url\":\"https:\\\/\\\/turuncmalmen.com\\\/\",\"name\":\"Turun\u00e7 Malmen Hotel\",\"description\":\"Marmaris Turun\u00e7 Malmen Hotel\",\"publisher\":{\"@id\":\"https:\\\/\\\/turuncmalmen.com\\\/#organization\"},\"potentialAction\":[{\"@type\":\"SearchAction\",\"target\":{\"@type\":\"EntryPoint\",\"urlTemplate\":\"https:\\\/\\\/turuncmalmen.com\\\/?s={search_term_string}\"},\"query-input\":{\"@type\":\"PropertyValueSpecification\",\"valueRequired\":true,\"valueName\":\"search_term_string\"}}],\"inLanguage\":\"tr\"},{\"@type\":\"Organization\",\"@id\":\"https:\\\/\\\/turuncmalmen.com\\\/#organization\",\"name\":\"Turun\u00e7 Malmen Hotel\",\"url\":\"https:\\\/\\\/turuncmalmen.com\\\/\",\"logo\":{\"@type\":\"ImageObject\",\"inLanguage\":\"tr\",\"@id\":\"https:\\\/\\\/turuncmalmen.com\\\/#\\\/schema\\\/logo\\\/image\\\/\",\"url\":\"https:\\\/\\\/turuncmalmen.com\\\/wp-content\\\/uploads\\\/logo-malmen3.png\",\"contentUrl\":\"https:\\\/\\\/turuncmalmen.com\\\/wp-content\\\/uploads\\\/logo-malmen3.png\",\"width\":302,\"height\":58,\"caption\":\"Turun\u00e7 Malmen Hotel\"},\"image\":{\"@id\":\"https:\\\/\\\/turuncmalmen.com\\\/#\\\/schema\\\/logo\\\/image\\\/\"}},{\"@type\":\"Person\",\"@id\":\"https:\\\/\\\/turuncmalmen.com\\\/#\\\/schema\\\/person\\\/d3d44e3cc07bb73da627e49c2ad76cdd\",\"name\":\"admin\",\"sameAs\":[\"https:\\\/\\\/turuncmalmen.com\"],\"url\":\"https:\\\/\\\/turuncmalmen.com\\\/tr\\\/author\\\/admin\\\/\"}]}<\/script>\n<!-- \/ Yoast SEO plugin. -->","yoast_head_json":{"title":"Covid-19 ile ilgili tedbirler - Turun\u00e7 Malmen Hotel","robots":{"index":"index","follow":"follow","max-snippet":"max-snippet:-1","max-image-preview":"max-image-preview:large","max-video-preview":"max-video-preview:-1"},"canonical":"https:\/\/turuncmalmen.com\/tr\/covid-19-ile-ilgili-tedbirler\/","og_locale":"tr_TR","og_type":"article","og_title":"Covid-19 ile ilgili tedbirler - Turun\u00e7 Malmen Hotel","og_url":"https:\/\/turuncmalmen.com\/tr\/covid-19-ile-ilgili-tedbirler\/","og_site_name":"Turun\u00e7 Malmen Hotel","article_published_time":"2021-09-16T06:27:27+00:00","article_modified_time":"2021-09-16T07:36:21+00:00","og_image":[{"width":800,"height":600,"url":"https:\/\/turuncmalmen.com\/wp-content\/uploads\/cotona.jpg","type":"image\/jpeg"}],"author":"admin","twitter_card":"summary_large_image","twitter_misc":{"Yazan:":"admin","Tahmini okuma s\u00fcresi":"2 dakika"},"schema":{"@context":"https:\/\/schema.org","@graph":[{"@type":"Article","@id":"https:\/\/turuncmalmen.com\/covid-19-ile-ilgili-tedbirler\/#article","isPartOf":{"@id":"https:\/\/turuncmalmen.com\/covid-19-ile-ilgili-tedbirler\/"},"author":{"name":"admin","@id":"https:\/\/turuncmalmen.com\/#\/schema\/person\/d3d44e3cc07bb73da627e49c2ad76cdd"},"headline":"Covid-19 ile ilgili tedbirler","datePublished":"2021-09-16T06:27:27+00:00","dateModified":"2021-09-16T07:36:21+00:00","mainEntityOfPage":{"@id":"https:\/\/turuncmalmen.com\/covid-19-ile-ilgili-tedbirler\/"},"wordCount":369,"commentCount":0,"publisher":{"@id":"https:\/\/turuncmalmen.com\/#organization"},"image":{"@id":"https:\/\/turuncmalmen.com\/covid-19-ile-ilgili-tedbirler\/#primaryimage"},"thumbnailUrl":"https:\/\/turuncmalmen.com\/wp-content\/uploads\/cotona.jpg","articleSection":["Turun\u00e7 Malmen"],"inLanguage":"tr","potentialAction":[{"@type":"CommentAction","name":"Comment","target":["https:\/\/turuncmalmen.com\/covid-19-ile-ilgili-tedbirler\/#respond"]}]},{"@type":"WebPage","@id":"https:\/\/turuncmalmen.com\/covid-19-ile-ilgili-tedbirler\/","url":"https:\/\/turuncmalmen.com\/covid-19-ile-ilgili-tedbirler\/","name":"Covid-19 ile ilgili tedbirler - Turun\u00e7 Malmen Hotel","isPartOf":{"@id":"https:\/\/turuncmalmen.com\/#website"},"primaryImageOfPage":{"@id":"https:\/\/turuncmalmen.com\/covid-19-ile-ilgili-tedbirler\/#primaryimage"},"image":{"@id":"https:\/\/turuncmalmen.com\/covid-19-ile-ilgili-tedbirler\/#primaryimage"},"thumbnailUrl":"https:\/\/turuncmalmen.com\/wp-content\/uploads\/cotona.jpg","datePublished":"2021-09-16T06:27:27+00:00","dateModified":"2021-09-16T07:36:21+00:00","inLanguage":"tr","potentialAction":[{"@type":"ReadAction","target":["https:\/\/turuncmalmen.com\/covid-19-ile-ilgili-tedbirler\/"]}]},{"@type":"ImageObject","inLanguage":"tr","@id":"https:\/\/turuncmalmen.com\/covid-19-ile-ilgili-tedbirler\/#primaryimage","url":"https:\/\/turuncmalmen.com\/wp-content\/uploads\/cotona.jpg","contentUrl":"https:\/\/turuncmalmen.com\/wp-content\/uploads\/cotona.jpg","width":800,"height":600},{"@type":"WebSite","@id":"https:\/\/turuncmalmen.com\/#website","url":"https:\/\/turuncmalmen.com\/","name":"Turun\u00e7 Malmen Hotel","description":"Marmaris Turun\u00e7 Malmen Hotel","publisher":{"@id":"https:\/\/turuncmalmen.com\/#organization"},"potentialAction":[{"@type":"SearchAction","target":{"@type":"EntryPoint","urlTemplate":"https:\/\/turuncmalmen.com\/?s={search_term_string}"},"query-input":{"@type":"PropertyValueSpecification","valueRequired":true,"valueName":"search_term_string"}}],"inLanguage":"tr"},{"@type":"Organization","@id":"https:\/\/turuncmalmen.com\/#organization","name":"Turun\u00e7 Malmen Hotel","url":"https:\/\/turuncmalmen.com\/","logo":{"@type":"ImageObject","inLanguage":"tr","@id":"https:\/\/turuncmalmen.com\/#\/schema\/logo\/image\/","url":"https:\/\/turuncmalmen.com\/wp-content\/uploads\/logo-malmen3.png","contentUrl":"https:\/\/turuncmalmen.com\/wp-content\/uploads\/logo-malmen3.png","width":302,"height":58,"caption":"Turun\u00e7 Malmen Hotel"},"image":{"@id":"https:\/\/turuncmalmen.com\/#\/schema\/logo\/image\/"}},{"@type":"Person","@id":"https:\/\/turuncmalmen.com\/#\/schema\/person\/d3d44e3cc07bb73da627e49c2ad76cdd","name":"admin","sameAs":["https:\/\/turuncmalmen.com"],"url":"https:\/\/turuncmalmen.com\/tr\/author\/admin\/"}]}},"_links":{"self":[{"href":"https:\/\/turuncmalmen.com\/tr\/wp-json\/wp\/v2\/posts\/4595","targetHints":{"allow":["GET"]}}],"collection":[{"href":"https:\/\/turuncmalmen.com\/tr\/wp-json\/wp\/v2\/posts"}],"about":[{"href":"https:\/\/turuncmalmen.com\/tr\/wp-json\/wp\/v2\/types\/post"}],"author":[{"embeddable":true,"href":"https:\/\/turuncmalmen.com\/tr\/wp-json\/wp\/v2\/users\/1"}],"replies":[{"embeddable":true,"href":"https:\/\/turuncmalmen.com\/tr\/wp-json\/wp\/v2\/comments?post=4595"}],"version-history":[{"count":3,"href":"https:\/\/turuncmalmen.com\/tr\/wp-json\/wp\/v2\/posts\/4595\/revisions"}],"predecessor-version":[{"id":4636,"href":"https:\/\/turuncmalmen.com\/tr\/wp-json\/wp\/v2\/posts\/4595\/revisions\/4636"}],"wp:featuredmedia":[{"embeddable":true,"href":"https:\/\/turuncmalmen.com\/tr\/wp-json\/wp\/v2\/media\/4664"}],"wp:attachment":[{"href":"https:\/\/turuncmalmen.com\/tr\/wp-json\/wp\/v2\/media?parent=4595"}],"wp:term":[{"taxonomy":"category","embeddable":true,"href":"https:\/\/turuncmalmen.com\/tr\/wp-json\/wp\/v2\/categories?post=4595"},{"taxonomy":"post_tag","embeddable":true,"href":"https:\/\/turuncmalmen.com\/tr\/wp-json\/wp\/v2\/tags?post=4595"}],"curies":[{"name":"wp","href":"https:\/\/api.w.org\/{rel}","templated":true}]}}